{"id":4053,"date":"2024-12-20T14:15:11","date_gmt":"2024-12-20T13:15:11","guid":{"rendered":"https:\/\/www.schule-finowfurt.de\/site\/?p=4053"},"modified":"2024-12-20T14:15:11","modified_gmt":"2024-12-20T13:15:11","slug":"treppenhauskonzert-vor-weihnachten","status":"publish","type":"post","link":"https:\/\/www.schule-finowfurt.de\/site\/?p=4053","title":{"rendered":"Treppenhauskonzert vor Weihnachten"},"content":{"rendered":"<p>Zum Treppenhauskonzert lud der ND-Kurs Bl\u00e4ser am 19. Dezember \u2013 und die Klassen str\u00f6mten herbei \u00fcber den Hof aus dem Grundschulhaus, aus dem historischen Schultyp Erfurt und aus den oberen Etagen des Neubaus. Peter St\u00fcbner dirigierte die Bl\u00e4serkinder der 6. Klassen, die inzwischen fast eineinhalb Jahre an ihren Blasinstrumenten \u00fcben. Sie hatten zwischen Eingangs- und Hoft\u00fcr des Neubaus Aufstellung genommen. \u201eIch stand genau \u00fcber einer Tuba \u2013 das war ganz sch\u00f6n laut\u201c, wird Frida nach dem Konzert sagen. Dann spielten die Kinder f\u00fcnf Lieder und produzierten bei den einen Nostalgie (\u201eVor zwei Jahren haben wir hier gespielt!\u201c) und bei den anderen Vorfreude (\u201eN\u00e4chstes Jahr spielen wir hier!\u201c). \u201eIch habe Luna an der Tuba erkannt\u201c, freute sich Malte nach dem Konzert. \u201eUnd ich Luise an der Klarinette\u201c, erg\u00e4nzte Hannah. \u201eIch fand die Musik weihnachtlich\u201c, fasste Carlo das Konzert zusammen. \u201eBesonders \u201aMorgen kommt der Weihnachtsmann\u2018 hat mir gefallen\u201c, zog Eddy sein Fazit. \u201eDie Begeisterung bei den Kindern zu sehen, wenn sie diese Instrumente spielen, das freut mich ganz besonders\u201c, sagte Frau Westphal nach dem Konzert: Kinder ihrer 5. Klasse werden im n\u00e4chsten Dezember zum Treppenhauskonzert laden.<\/p>\n<figure id=\"attachment_4054\" aria-describedby=\"caption-attachment-4054\" style=\"width: 810px\" class=\"wp-caption alignnone\"><img loading=\"lazy\" decoding=\"async\" class=\"wp-image-4054 size-large\" src=\"https:\/\/www.schule-finowfurt.de\/site\/wp-content\/uploads\/2024\/12\/thkonzert2-1024x768.jpg\" alt=\"\" width=\"810\" height=\"608\" srcset=\"https:\/\/www.schule-finowfurt.de\/site\/wp-content\/uploads\/2024\/12\/thkonzert2-1024x768.jpg 1024w, https:\/\/www.schule-finowfurt.de\/site\/wp-content\/uploads\/2024\/12\/thkonzert2-300x225.jpg 300w, https:\/\/www.schule-finowfurt.de\/site\/wp-content\/uploads\/2024\/12\/thkonzert2-768x576.jpg 768w, https:\/\/www.schule-finowfurt.de\/site\/wp-content\/uploads\/2024\/12\/thkonzert2-1536x1152.jpg 1536w, https:\/\/www.schule-finowfurt.de\/site\/wp-content\/uploads\/2024\/12\/thkonzert2-880x660.jpg 880w, https:\/\/www.schule-finowfurt.de\/site\/wp-content\/uploads\/2024\/12\/thkonzert2.jpg 2000w\" sizes=\"auto, (max-width: 810px) 100vw, 810px\" \/><figcaption id=\"caption-attachment-4054\" class=\"wp-caption-text\">Klang bis ganz nach oben gut: Das Treppenhauskonzert.<\/figcaption><\/figure>\n<figure id=\"attachment_4055\" aria-describedby=\"caption-attachment-4055\" style=\"width: 810px\" class=\"wp-caption alignnone\"><img loading=\"lazy\" decoding=\"async\" class=\"wp-image-4055 size-large\" src=\"https:\/\/www.schule-finowfurt.de\/site\/wp-content\/uploads\/2024\/12\/thkonzert3-1024x768.jpg\" alt=\"\" width=\"810\" height=\"608\" srcset=\"https:\/\/www.schule-finowfurt.de\/site\/wp-content\/uploads\/2024\/12\/thkonzert3-1024x768.jpg 1024w, https:\/\/www.schule-finowfurt.de\/site\/wp-content\/uploads\/2024\/12\/thkonzert3-300x225.jpg 300w, https:\/\/www.schule-finowfurt.de\/site\/wp-content\/uploads\/2024\/12\/thkonzert3-768x576.jpg 768w, https:\/\/www.schule-finowfurt.de\/site\/wp-content\/uploads\/2024\/12\/thkonzert3-1536x1152.jpg 1536w, https:\/\/www.schule-finowfurt.de\/site\/wp-content\/uploads\/2024\/12\/thkonzert3-880x660.jpg 880w, https:\/\/www.schule-finowfurt.de\/site\/wp-content\/uploads\/2024\/12\/thkonzert3.jpg 2000w\" sizes=\"auto, (max-width: 810px) 100vw, 810px\" \/><figcaption id=\"caption-attachment-4055\" class=\"wp-caption-text\">Peter St\u00fcbner dirigiert die Bl\u00e4serkinder &#8211; ohne Taktstock, aber mit Musik im Blut.<\/figcaption><\/figure>\n","protected":false},"excerpt":{"rendered":"<p>Zum Treppenhauskonzert lud der ND-Kurs Bl\u00e4ser am 19. Dezember \u2013 und die Klassen str\u00f6mten herbei \u00fcber den Hof aus dem<\/p>\n","protected":false},"author":1,"featured_media":4056,"comment_status":"closed","ping_status":"closed","sticky":false,"template":"","format":"standard","meta":{"footnotes":""},"categories":[1],"tags":[],"class_list":["post-4053","post","type-post","status-publish","format-standard","has-post-thumbnail","hentry","category-allgemein"],"_links":{"self":[{"href":"https:\/\/www.schule-finowfurt.de\/site\/index.php?rest_route=\/wp\/v2\/posts\/4053","targetHints":{"allow":["GET"]}}],"collection":[{"href":"https:\/\/www.schule-finowfurt.de\/site\/index.php?rest_route=\/wp\/v2\/posts"}],"about":[{"href":"https:\/\/www.schule-finowfurt.de\/site\/index.php?rest_route=\/wp\/v2\/types\/post"}],"author":[{"embeddable":true,"href":"https:\/\/www.schule-finowfurt.de\/site\/index.php?rest_route=\/wp\/v2\/users\/1"}],"replies":[{"embeddable":true,"href":"https:\/\/www.schule-finowfurt.de\/site\/index.php?rest_route=%2Fwp%2Fv2%2Fcomments&post=4053"}],"version-history":[{"count":4,"href":"https:\/\/www.schule-finowfurt.de\/site\/index.php?rest_route=\/wp\/v2\/posts\/4053\/revisions"}],"predecessor-version":[{"id":4060,"href":"https:\/\/www.schule-finowfurt.de\/site\/index.php?rest_route=\/wp\/v2\/posts\/4053\/revisions\/4060"}],"wp:featuredmedia":[{"embeddable":true,"href":"https:\/\/www.schule-finowfurt.de\/site\/index.php?rest_route=\/wp\/v2\/media\/4056"}],"wp:attachment":[{"href":"https:\/\/www.schule-finowfurt.de\/site\/index.php?rest_route=%2Fwp%2Fv2%2Fmedia&parent=4053"}],"wp:term":[{"taxonomy":"category","embeddable":true,"href":"https:\/\/www.schule-finowfurt.de\/site\/index.php?rest_route=%2Fwp%2Fv2%2Fcategories&post=4053"},{"taxonomy":"post_tag","embeddable":true,"href":"https:\/\/www.schule-finowfurt.de\/site\/index.php?rest_route=%2Fwp%2Fv2%2Ftags&post=4053"}],"curies":[{"name":"wp","href":"https:\/\/api.w.org\/{rel}","templated":true}]}}