{"id":4490,"date":"2025-07-16T17:22:57","date_gmt":"2025-07-16T15:22:57","guid":{"rendered":"https:\/\/www.schule-finowfurt.de\/site\/?p=4490"},"modified":"2025-07-16T17:22:57","modified_gmt":"2025-07-16T15:22:57","slug":"abschlusskonzert-der-blaeserklasse-2025","status":"publish","type":"post","link":"https:\/\/www.schule-finowfurt.de\/site\/?p=4490","title":{"rendered":"Abschlusskonzert der Bl\u00e4serklasse 2025"},"content":{"rendered":"<p>Zwei Jahre nachdem sie ihrem Blasinstrument den ersten Ton entlockt hatten, sa\u00dfen am gestrigen Dienstag um 18 Uhr 18 Kinder der Bl\u00e4serklasse vor ihren Eltern, Gro\u00dfeltern und Geschwistern in der Aula der Schule Finowfurt, um ihr Abschlusskonzert zu geben. Die 70 G\u00e4ste h\u00f6rten zwei Dutzend St\u00fccke, bekannte Titelmelodien wie die von <em>Star Wars<\/em> oder <em>Herr der Ringe<\/em>, aber auch Klassiker der Popul\u00e4rmusik wie <em>Smoke on the Water<\/em> \u2013 arrangiert f\u00fcr Blasinstrumente mit E-Bass und Schlagzeug.<\/p>\n<figure id=\"attachment_4494\" aria-describedby=\"caption-attachment-4494\" style=\"width: 810px\" class=\"wp-caption alignnone\"><img loading=\"lazy\" decoding=\"async\" class=\"wp-image-4494 size-large\" src=\"https:\/\/www.schule-finowfurt.de\/site\/wp-content\/uploads\/2025\/07\/IMG_5662-1024x551.jpg\" alt=\"Bl\u00e4serklasse beim Abschlusskonzert.\" width=\"810\" height=\"436\" srcset=\"https:\/\/www.schule-finowfurt.de\/site\/wp-content\/uploads\/2025\/07\/IMG_5662-1024x551.jpg 1024w, https:\/\/www.schule-finowfurt.de\/site\/wp-content\/uploads\/2025\/07\/IMG_5662-300x161.jpg 300w, https:\/\/www.schule-finowfurt.de\/site\/wp-content\/uploads\/2025\/07\/IMG_5662-768x413.jpg 768w, https:\/\/www.schule-finowfurt.de\/site\/wp-content\/uploads\/2025\/07\/IMG_5662-1536x826.jpg 1536w, https:\/\/www.schule-finowfurt.de\/site\/wp-content\/uploads\/2025\/07\/IMG_5662.jpg 2000w\" sizes=\"auto, (max-width: 810px) 100vw, 810px\" \/><figcaption id=\"caption-attachment-4494\" class=\"wp-caption-text\">Claudia Strahl von der Schule Finowfurt dirigiert.<\/figcaption><\/figure>\n<p>\u201eIch war aufgeregt\u201c, sagt sich Luise K. an der Klarinette, \u201eaber es hat sich auch toll angef\u00fchlt, weil ich <em>Rauch auf dem Wasser<\/em> angesagt habe.\u201c Auch Tamara K. am Euphonium war aufgeregt, \u201eobwohl es schon mein f\u00fcnftes oder sechstes Konzert war, ich hab nicht mitgez\u00e4hlt.\u201c Unter den G\u00e4sten war auch Petra Fenske, bis zum letzten Schuljahr Primarstufenleiterin der Schule: \u201eF\u00fcr mich ist es immer wieder ein G\u00e4nsehaut-Moment, wenn die Kinder \u2013 nach anderthalb Jahren \u2013 Noten lesen k\u00f6nnen und diese Instrumente spielen.\u201c<\/p>\n<figure id=\"attachment_4493\" aria-describedby=\"caption-attachment-4493\" style=\"width: 810px\" class=\"wp-caption alignnone\"><img loading=\"lazy\" decoding=\"async\" class=\"wp-image-4493 size-large\" src=\"https:\/\/www.schule-finowfurt.de\/site\/wp-content\/uploads\/2025\/07\/IMG_5673-1024x583.jpg\" alt=\"Bl\u00e4serklasse beim Abschlusskonzert.\" width=\"810\" height=\"461\" srcset=\"https:\/\/www.schule-finowfurt.de\/site\/wp-content\/uploads\/2025\/07\/IMG_5673-1024x583.jpg 1024w, https:\/\/www.schule-finowfurt.de\/site\/wp-content\/uploads\/2025\/07\/IMG_5673-300x171.jpg 300w, https:\/\/www.schule-finowfurt.de\/site\/wp-content\/uploads\/2025\/07\/IMG_5673-768x437.jpg 768w, https:\/\/www.schule-finowfurt.de\/site\/wp-content\/uploads\/2025\/07\/IMG_5673-1536x875.jpg 1536w, https:\/\/www.schule-finowfurt.de\/site\/wp-content\/uploads\/2025\/07\/IMG_5673.jpg 2000w\" sizes=\"auto, (max-width: 810px) 100vw, 810px\" \/><figcaption id=\"caption-attachment-4493\" class=\"wp-caption-text\">Elke St\u00fcbner von der Musikschule Barnim dirigiert.<\/figcaption><\/figure>\n<p>Als die Zugabe <em>We will rock you<\/em>\u00a0verklungen war, bedankten sich die Eltern bei den Musiklehrerinnen der Schule, Frau Strahl und Frau Schreiner, und bei Elke und Peter St\u00fcbner von der Musikschule Barnim, die zu viert die Bl\u00e4serklassen\u00a0betreuen. Im Herbst steht das n\u00e4chste Instrumenten-Karussell an, bei dem die Blasinstrumente sich ihre Kinder aussuchen (und ein bisschen auch umgekehrt). Anderthalb Jahre sp\u00e4ter werden sie ihr Abschlusskonzert geben.<\/p>\n","protected":false},"excerpt":{"rendered":"<p>Zwei Jahre nachdem sie ihrem Blasinstrument den ersten Ton entlockt hatten, sa\u00dfen am gestrigen Dienstag um 18 Uhr 18 Kinder<\/p>\n","protected":false},"author":1,"featured_media":4492,"comment_status":"closed","ping_status":"closed","sticky":false,"template":"","format":"standard","meta":{"footnotes":""},"categories":[1],"tags":[],"class_list":["post-4490","post","type-post","status-publish","format-standard","has-post-thumbnail","hentry","category-allgemein"],"_links":{"self":[{"href":"https:\/\/www.schule-finowfurt.de\/site\/index.php?rest_route=\/wp\/v2\/posts\/4490","targetHints":{"allow":["GET"]}}],"collection":[{"href":"https:\/\/www.schule-finowfurt.de\/site\/index.php?rest_route=\/wp\/v2\/posts"}],"about":[{"href":"https:\/\/www.schule-finowfurt.de\/site\/index.php?rest_route=\/wp\/v2\/types\/post"}],"author":[{"embeddable":true,"href":"https:\/\/www.schule-finowfurt.de\/site\/index.php?rest_route=\/wp\/v2\/users\/1"}],"replies":[{"embeddable":true,"href":"https:\/\/www.schule-finowfurt.de\/site\/index.php?rest_route=%2Fwp%2Fv2%2Fcomments&post=4490"}],"version-history":[{"count":3,"href":"https:\/\/www.schule-finowfurt.de\/site\/index.php?rest_route=\/wp\/v2\/posts\/4490\/revisions"}],"predecessor-version":[{"id":4496,"href":"https:\/\/www.schule-finowfurt.de\/site\/index.php?rest_route=\/wp\/v2\/posts\/4490\/revisions\/4496"}],"wp:featuredmedia":[{"embeddable":true,"href":"https:\/\/www.schule-finowfurt.de\/site\/index.php?rest_route=\/wp\/v2\/media\/4492"}],"wp:attachment":[{"href":"https:\/\/www.schule-finowfurt.de\/site\/index.php?rest_route=%2Fwp%2Fv2%2Fmedia&parent=4490"}],"wp:term":[{"taxonomy":"category","embeddable":true,"href":"https:\/\/www.schule-finowfurt.de\/site\/index.php?rest_route=%2Fwp%2Fv2%2Fcategories&post=4490"},{"taxonomy":"post_tag","embeddable":true,"href":"https:\/\/www.schule-finowfurt.de\/site\/index.php?rest_route=%2Fwp%2Fv2%2Ftags&post=4490"}],"curies":[{"name":"wp","href":"https:\/\/api.w.org\/{rel}","templated":true}]}}