{"id":4631,"date":"2025-12-05T22:36:00","date_gmt":"2025-12-05T21:36:00","guid":{"rendered":"https:\/\/www.schule-finowfurt.de\/site\/?p=4631"},"modified":"2025-12-10T22:36:41","modified_gmt":"2025-12-10T21:36:41","slug":"adventstraum-und-tag-der-offenen-tuer-2","status":"publish","type":"post","link":"https:\/\/www.schule-finowfurt.de\/site\/?p=4631","title":{"rendered":"Adventstraum und Tag der offenen T\u00fcr"},"content":{"rendered":"<p>Am Donnerstag, dem 4. Dezember, fand als H\u00f6hepunkt der Weihnachtswoche das traditionelle Schulfest &#8222;Adventstraum&#8220; statt &#8211; zeitgleich mit dem Tag der offenen T\u00fcr, an dem die Schule Finowfurt allen Interessierten offenstand, vor allem den Sch\u00fclerinnen und Sch\u00fclern der k\u00fcnftigen 7. Klassen und ihren Familien.<\/p>\n<p>&#8222;Der Besucherandrang war au\u00dferordentlich gro\u00df. Die Kombination beider Veranstaltungen hat sich erneut als \u00e4u\u00dferst wirkungsvoll erwiesen. Viele Eltern \u2013 darunter zahlreiche Erstbesucher \u2013 zeigten sich beeindruckt von unserer Schulgemeinschaft&#8220;, freut sich die Direktorin der Schule, Frau Gehrke-Witthuhn. Besonders lobt sie die Mitwirkung der Sch\u00fclerinnen und Sch\u00fcler: &#8222;Die beeindruckenden Darbietungen unserer Grundschulkinder, ob Bl\u00e4serklassen, Theatergruppe, Gitarrenkonzerte oder die wundersch\u00f6nen Lieder und Tanzeinlagen \u2013 das abwechslungsreiche Programm war ein gro\u00dfer Gewinn f\u00fcr diesen besonderen Nachmittag und wurde mit viel Begeisterung aufgenommen.&#8220;<\/p>\n<figure id=\"attachment_4636\" aria-describedby=\"caption-attachment-4636\" style=\"width: 768px\" class=\"wp-caption alignnone\"><img loading=\"lazy\" decoding=\"async\" class=\"wp-image-4636 size-large\" src=\"https:\/\/www.schule-finowfurt.de\/site\/wp-content\/uploads\/2025\/12\/baume-768x1024.jpg\" alt=\"\" width=\"768\" height=\"1024\" srcset=\"https:\/\/www.schule-finowfurt.de\/site\/wp-content\/uploads\/2025\/12\/baume-768x1024.jpg 768w, https:\/\/www.schule-finowfurt.de\/site\/wp-content\/uploads\/2025\/12\/baume-225x300.jpg 225w, https:\/\/www.schule-finowfurt.de\/site\/wp-content\/uploads\/2025\/12\/baume-1152x1536.jpg 1152w, https:\/\/www.schule-finowfurt.de\/site\/wp-content\/uploads\/2025\/12\/baume-1536x2048.jpg 1536w, https:\/\/www.schule-finowfurt.de\/site\/wp-content\/uploads\/2025\/12\/baume-scaled.jpg 1920w\" sizes=\"auto, (max-width: 768px) 100vw, 768px\" \/><figcaption id=\"caption-attachment-4636\" class=\"wp-caption-text\">So sehen Sieger aus: Der Baum der 4b.<\/figcaption><\/figure>\n<p>Den Abschluss bildete &#8211; auch schon traditionell &#8211; der Entscheid im Weihnachtsbaumwettbewerb. Gegen halb sechs wurde in der Aula verk\u00fcndet, welcher Baum gewonnen hat. Ein Baum kann hier nicht gezeigt werden &#8211; es handelte sich um ein als Baum verkleidetes Kind, das zum Fototermin leider schon verschwunden war. Liebes Baumkind, bitte melde dich =)<\/p>\n<div id='gallery-1' class='gallery galleryid-4631 gallery-columns-3 gallery-size-thumbnail'><figure class='gallery-item'>\n\t\t\t<div class='gallery-icon portrait'>\n\t\t\t\t<a href='https:\/\/www.schule-finowfurt.de\/site\/wp-content\/uploads\/2025\/12\/baumc-scaled.jpg' title=\"\" data-rl_title=\"\" class=\"rl-gallery-link\" data-rl_caption=\"\" data-rel=\"lightbox-gallery-1\"><img loading=\"lazy\" decoding=\"async\" width=\"150\" height=\"150\" src=\"https:\/\/www.schule-finowfurt.de\/site\/wp-content\/uploads\/2025\/12\/baumc-150x150.jpg\" class=\"attachment-thumbnail size-thumbnail\" alt=\"\" \/><\/a>\n\t\t\t<\/div><\/figure><figure class='gallery-item'>\n\t\t\t<div class='gallery-icon portrait'>\n\t\t\t\t<a href='https:\/\/www.schule-finowfurt.de\/site\/wp-content\/uploads\/2025\/12\/bauma-scaled.jpg' title=\"\" data-rl_title=\"\" class=\"rl-gallery-link\" data-rl_caption=\"\" data-rel=\"lightbox-gallery-1\"><img loading=\"lazy\" decoding=\"async\" width=\"150\" height=\"150\" src=\"https:\/\/www.schule-finowfurt.de\/site\/wp-content\/uploads\/2025\/12\/bauma-150x150.jpg\" class=\"attachment-thumbnail size-thumbnail\" alt=\"\" \/><\/a>\n\t\t\t<\/div><\/figure><figure class='gallery-item'>\n\t\t\t<div class='gallery-icon portrait'>\n\t\t\t\t<a href='https:\/\/www.schule-finowfurt.de\/site\/wp-content\/uploads\/2025\/12\/baumd-scaled.jpg' title=\"\" data-rl_title=\"\" class=\"rl-gallery-link\" data-rl_caption=\"\" data-rel=\"lightbox-gallery-1\"><img loading=\"lazy\" decoding=\"async\" width=\"150\" height=\"150\" src=\"https:\/\/www.schule-finowfurt.de\/site\/wp-content\/uploads\/2025\/12\/baumd-150x150.jpg\" class=\"attachment-thumbnail size-thumbnail\" alt=\"\" \/><\/a>\n\t\t\t<\/div><\/figure><figure class='gallery-item'>\n\t\t\t<div class='gallery-icon portrait'>\n\t\t\t\t<a href='https:\/\/www.schule-finowfurt.de\/site\/wp-content\/uploads\/2025\/12\/baumb-scaled.jpg' title=\"\" data-rl_title=\"\" class=\"rl-gallery-link\" data-rl_caption=\"\" data-rel=\"lightbox-gallery-1\"><img loading=\"lazy\" decoding=\"async\" width=\"150\" height=\"150\" src=\"https:\/\/www.schule-finowfurt.de\/site\/wp-content\/uploads\/2025\/12\/baumb-150x150.jpg\" class=\"attachment-thumbnail size-thumbnail\" alt=\"\" \/><\/a>\n\t\t\t<\/div><\/figure><figure class='gallery-item'>\n\t\t\t<div class='gallery-icon portrait'>\n\t\t\t\t<a href='https:\/\/www.schule-finowfurt.de\/site\/wp-content\/uploads\/2025\/12\/baume-scaled.jpg' title=\"\" data-rl_title=\"\" class=\"rl-gallery-link\" data-rl_caption=\"\" data-rel=\"lightbox-gallery-1\"><img loading=\"lazy\" decoding=\"async\" width=\"150\" height=\"150\" src=\"https:\/\/www.schule-finowfurt.de\/site\/wp-content\/uploads\/2025\/12\/baume-150x150.jpg\" class=\"attachment-thumbnail size-thumbnail\" alt=\"\" \/><\/a>\n\t\t\t<\/div><\/figure>\n\t\t<\/div>\n\n<p>&nbsp;<\/p>\n","protected":false},"excerpt":{"rendered":"<p>Am Donnerstag, dem 4. Dezember, fand als H\u00f6hepunkt der Weihnachtswoche das traditionelle Schulfest &#8222;Adventstraum&#8220; statt &#8211; zeitgleich mit dem Tag<\/p>\n","protected":false},"author":1,"featured_media":4635,"comment_status":"closed","ping_status":"closed","sticky":false,"template":"","format":"standard","meta":{"footnotes":""},"categories":[1],"tags":[],"class_list":["post-4631","post","type-post","status-publish","format-standard","has-post-thumbnail","hentry","category-allgemein"],"_links":{"self":[{"href":"https:\/\/www.schule-finowfurt.de\/site\/index.php?rest_route=\/wp\/v2\/posts\/4631","targetHints":{"allow":["GET"]}}],"collection":[{"href":"https:\/\/www.schule-finowfurt.de\/site\/index.php?rest_route=\/wp\/v2\/posts"}],"about":[{"href":"https:\/\/www.schule-finowfurt.de\/site\/index.php?rest_route=\/wp\/v2\/types\/post"}],"author":[{"embeddable":true,"href":"https:\/\/www.schule-finowfurt.de\/site\/index.php?rest_route=\/wp\/v2\/users\/1"}],"replies":[{"embeddable":true,"href":"https:\/\/www.schule-finowfurt.de\/site\/index.php?rest_route=%2Fwp%2Fv2%2Fcomments&post=4631"}],"version-history":[{"count":2,"href":"https:\/\/www.schule-finowfurt.de\/site\/index.php?rest_route=\/wp\/v2\/posts\/4631\/revisions"}],"predecessor-version":[{"id":4638,"href":"https:\/\/www.schule-finowfurt.de\/site\/index.php?rest_route=\/wp\/v2\/posts\/4631\/revisions\/4638"}],"wp:featuredmedia":[{"embeddable":true,"href":"https:\/\/www.schule-finowfurt.de\/site\/index.php?rest_route=\/wp\/v2\/media\/4635"}],"wp:attachment":[{"href":"https:\/\/www.schule-finowfurt.de\/site\/index.php?rest_route=%2Fwp%2Fv2%2Fmedia&parent=4631"}],"wp:term":[{"taxonomy":"category","embeddable":true,"href":"https:\/\/www.schule-finowfurt.de\/site\/index.php?rest_route=%2Fwp%2Fv2%2Fcategories&post=4631"},{"taxonomy":"post_tag","embeddable":true,"href":"https:\/\/www.schule-finowfurt.de\/site\/index.php?rest_route=%2Fwp%2Fv2%2Ftags&post=4631"}],"curies":[{"name":"wp","href":"https:\/\/api.w.org\/{rel}","templated":true}]}}