{"id":4693,"date":"2026-03-14T17:50:38","date_gmt":"2026-03-14T16:50:38","guid":{"rendered":"https:\/\/www.schule-finowfurt.de\/site\/?p=4693"},"modified":"2026-03-18T23:19:15","modified_gmt":"2026-03-18T22:19:15","slug":"schule-finowfurt-logo","status":"publish","type":"post","link":"https:\/\/www.schule-finowfurt.de\/site\/?p=4693","title":{"rendered":"Schule Finowfurt? Logo!"},"content":{"rendered":"<p>Das neue Logo ziert seit Donnerstag, dem 12. M\u00e4rz 2026, die Hauswand der Schule Finowfurt \u201eDie alte Solaranzeige war hin\u00fcber\u201c, sagt Hausmeister Daniel Wulkow, \u201evon der Sonne verbrannt.\u201c Nun steigt er mit seinem Kollegen Stephan Krienke auf den Hubsteiger, um das neue Schild zu platzieren. Es zeigt das Logo der Schule, das in einem Wettbewerb ab Sommer 2022 ausgew\u00e4hlt worden war.<\/p>\n<p>Moment, Sommer 2022 &#8211; vor vier Jahren? \u201eLogo-Entwicklung\u201c, sagt Daniela Kloth, Kunstlehrerin an der Schule Finowfurt und gelernte Designerin, \u201ehat ganz viele Parameter, die zu beachten sind.\u201c<\/p>\n<p>Ein Parameter der Schule Finowfurt war: Das Logo sollte von Menschen aus der Gemeinde gestaltet werden, von Kindern oder Jugendlichen wom\u00f6glich. Tats\u00e4chlich waren es mit Lilly K. und Mia M. zwei Sch\u00fclerinnen der Schule, deren Entwurf in einem mehrstufigen Verfahren gek\u00fcrt und von Daniela Kloth zum Logo weiterentwickelt wurde.<\/p>\n<figure id=\"attachment_4695\" aria-describedby=\"caption-attachment-4695\" style=\"width: 810px\" class=\"wp-caption alignnone\"><img loading=\"lazy\" decoding=\"async\" class=\"wp-image-4695 size-large\" src=\"https:\/\/www.schule-finowfurt.de\/site\/wp-content\/uploads\/2026\/03\/logo-2og-e1773506720413-1024x583.jpg\" alt=\"\" width=\"810\" height=\"461\" srcset=\"https:\/\/www.schule-finowfurt.de\/site\/wp-content\/uploads\/2026\/03\/logo-2og-e1773506720413-1024x583.jpg 1024w, https:\/\/www.schule-finowfurt.de\/site\/wp-content\/uploads\/2026\/03\/logo-2og-e1773506720413-300x171.jpg 300w, https:\/\/www.schule-finowfurt.de\/site\/wp-content\/uploads\/2026\/03\/logo-2og-e1773506720413-768x437.jpg 768w, https:\/\/www.schule-finowfurt.de\/site\/wp-content\/uploads\/2026\/03\/logo-2og-e1773506720413-1536x874.jpg 1536w, https:\/\/www.schule-finowfurt.de\/site\/wp-content\/uploads\/2026\/03\/logo-2og-e1773506720413.jpg 1927w\" sizes=\"auto, (max-width: 810px) 100vw, 810px\" \/><figcaption id=\"caption-attachment-4695\" class=\"wp-caption-text\">Zwei Hausmeister und ein halbes Schild auf seinem Weg zum Platz an der Sonne.<\/figcaption><\/figure>\n<p>Im Herbst 2024 wurde das Logo offiziell pr\u00e4sentiert. \u201eWir waren spontan und wollten mitmachen\u201c, bekannte Mia damals. Und wie kam es zu der k\u00fcnstlerischen Zusammenarbeit? Welche Vorraussetzungen hat so ein Schaffensprozess? Die M\u00e4dchen lachten: \u201eWahrscheinlich sa\u00dfen wir einfach zusammen.\u201c Beim Gestalten des Entwurfs dachten sie an den Lebensbaum und wollten den Gemeinsinn einfangen, der die Schule als gemeinsamen Standort von Grund- und Oberschule pr\u00e4gt.<\/p>\n<figure id=\"attachment_4696\" aria-describedby=\"caption-attachment-4696\" style=\"width: 810px\" class=\"wp-caption alignnone\"><img loading=\"lazy\" decoding=\"async\" class=\"wp-image-4696 size-large\" src=\"https:\/\/www.schule-finowfurt.de\/site\/wp-content\/uploads\/2026\/03\/logo-dran-e1773506778161-1024x692.jpg\" alt=\"\" width=\"810\" height=\"547\" srcset=\"https:\/\/www.schule-finowfurt.de\/site\/wp-content\/uploads\/2026\/03\/logo-dran-e1773506778161-1024x692.jpg 1024w, https:\/\/www.schule-finowfurt.de\/site\/wp-content\/uploads\/2026\/03\/logo-dran-e1773506778161-300x203.jpg 300w, https:\/\/www.schule-finowfurt.de\/site\/wp-content\/uploads\/2026\/03\/logo-dran-e1773506778161-768x519.jpg 768w, https:\/\/www.schule-finowfurt.de\/site\/wp-content\/uploads\/2026\/03\/logo-dran-e1773506778161-1536x1038.jpg 1536w, https:\/\/www.schule-finowfurt.de\/site\/wp-content\/uploads\/2026\/03\/logo-dran-e1773506778161-120x80.jpg 120w, https:\/\/www.schule-finowfurt.de\/site\/wp-content\/uploads\/2026\/03\/logo-dran-e1773506778161.jpg 1997w\" sizes=\"auto, (max-width: 810px) 100vw, 810px\" \/><figcaption id=\"caption-attachment-4696\" class=\"wp-caption-text\">&#8222;Aber du hast noch etwas davon&#8220;, sagte Sch\u00f6pferin Mia zu ihrem Bruder Max.<\/figcaption><\/figure>\n<p>Ein zweiter au\u00dferk\u00fcnstlerischer Parameter war: Das Logo musste genehmigt werden. Aber von wem? Das\u00a0 Schulamt war &#8211; ausnahmsweise &#8211; nicht zust\u00e4ndig. Den Hut auf hatte der Tr\u00e4ger der Schule, die Gemeinde Schorfheide. Sie traf unter der Vielzahl von Entw\u00fcrfen eine Vorauswahl, aus der dann die Lehrer-, die Sch\u00fcler- und die Elternkonferenz und schlie\u00dflich das h\u00f6chste Gremium der Schule, die Schulkonferenz, den Siegerentwurf k\u00fcrten. Bei dem Prozess kein Wunder, dass Mia und Lilly schon lange nicht mehr an der Schule sind. \u201eAber du hast noch etwas davon\u201c, sagte Mia 2024 bei der Pr\u00e4sentation des Logos, zu ihrem Bruder Max, der heute schon die 5. Klasse besucht.<\/p>\n<p>An dieser Stelle noch einmal vielen Dank an die Sch\u00f6pferinnen und ihre Eltern, die namens ihrer T\u00f6chter der Schule das Recht einger\u00e4umt haben, das Logo zu nutzen. Daniel Wulkow und Stephan Krienke steigen vom Hubsteiger: Nun gr\u00fc\u00dft das Logo von der Hauswand.<\/p>\n","protected":false},"excerpt":{"rendered":"<p>Das neue Logo ziert seit Donnerstag, dem 12. M\u00e4rz 2026, die Hauswand der Schule Finowfurt \u201eDie alte Solaranzeige war hin\u00fcber\u201c,<\/p>\n","protected":false},"author":1,"featured_media":4694,"comment_status":"closed","ping_status":"closed","sticky":false,"template":"","format":"standard","meta":{"footnotes":""},"categories":[1],"tags":[],"class_list":["post-4693","post","type-post","status-publish","format-standard","has-post-thumbnail","hentry","category-allgemein"],"_links":{"self":[{"href":"https:\/\/www.schule-finowfurt.de\/site\/index.php?rest_route=\/wp\/v2\/posts\/4693","targetHints":{"allow":["GET"]}}],"collection":[{"href":"https:\/\/www.schule-finowfurt.de\/site\/index.php?rest_route=\/wp\/v2\/posts"}],"about":[{"href":"https:\/\/www.schule-finowfurt.de\/site\/index.php?rest_route=\/wp\/v2\/types\/post"}],"author":[{"embeddable":true,"href":"https:\/\/www.schule-finowfurt.de\/site\/index.php?rest_route=\/wp\/v2\/users\/1"}],"replies":[{"embeddable":true,"href":"https:\/\/www.schule-finowfurt.de\/site\/index.php?rest_route=%2Fwp%2Fv2%2Fcomments&post=4693"}],"version-history":[{"count":6,"href":"https:\/\/www.schule-finowfurt.de\/site\/index.php?rest_route=\/wp\/v2\/posts\/4693\/revisions"}],"predecessor-version":[{"id":4704,"href":"https:\/\/www.schule-finowfurt.de\/site\/index.php?rest_route=\/wp\/v2\/posts\/4693\/revisions\/4704"}],"wp:featuredmedia":[{"embeddable":true,"href":"https:\/\/www.schule-finowfurt.de\/site\/index.php?rest_route=\/wp\/v2\/media\/4694"}],"wp:attachment":[{"href":"https:\/\/www.schule-finowfurt.de\/site\/index.php?rest_route=%2Fwp%2Fv2%2Fmedia&parent=4693"}],"wp:term":[{"taxonomy":"category","embeddable":true,"href":"https:\/\/www.schule-finowfurt.de\/site\/index.php?rest_route=%2Fwp%2Fv2%2Fcategories&post=4693"},{"taxonomy":"post_tag","embeddable":true,"href":"https:\/\/www.schule-finowfurt.de\/site\/index.php?rest_route=%2Fwp%2Fv2%2Ftags&post=4693"}],"curies":[{"name":"wp","href":"https:\/\/api.w.org\/{rel}","templated":true}]}}